{"id":240,"date":"2020-12-10T18:00:00","date_gmt":"2020-12-10T18:00:00","guid":{"rendered":"https:\/\/laelectrotiendaverde.es\/blog\/?p=240"},"modified":"2020-11-23T12:02:54","modified_gmt":"2020-11-23T12:02:54","slug":"como-sabemos-si-nuestros-electrodomesticos-son-ecologicos","status":"publish","type":"post","link":"https:\/\/laelectrotiendaverde.es\/blog\/como-sabemos-si-nuestros-electrodomesticos-son-ecologicos\/","title":{"rendered":"\u00bfC\u00f3mo sabemos si nuestros electrodom\u00e9sticos son ecol\u00f3gicos?"},"content":{"rendered":"\n<p>La preocupaci\u00f3n por el\u00a0<strong>medio<\/strong>\u00a0<strong>ambiente<\/strong>\u00a0se ha convertido en un tema de primera l\u00ednea y esto se hace cada vez m\u00e1s evidente en c\u00f3mo la ecolog\u00eda marca nuevas ideas innovadoras en diferentes productos de uso cotidiano, los\u00a0<strong>electrodom\u00e9sticos<\/strong>\u00a0son uno de los elementos comunes en los hogares, cuyo uso puede hacer desaprovechar la energ\u00eda y ayudar a empeorar el impacto ambiental.<\/p>\n\n\n\n<div class=\"wp-block-image\"><figure class=\"aligncenter size-large is-resized\"><img loading=\"lazy\" src=\"https:\/\/laelectrotiendaverde.es\/blog\/wp-content\/uploads\/2020\/11\/Cocina-eco.jpg\" alt=\"\" class=\"wp-image-242\" width=\"594\" height=\"290\" srcset=\"https:\/\/laelectrotiendaverde.es\/blog\/wp-content\/uploads\/2020\/11\/Cocina-eco.jpg 545w, https:\/\/laelectrotiendaverde.es\/blog\/wp-content\/uploads\/2020\/11\/Cocina-eco-300x146.jpg 300w\" sizes=\"(max-width: 594px) 100vw, 594px\" \/><\/figure><\/div>\n\n\n\n<h2>La sostenibilidad en casa<\/h2>\n\n\n\n<p>Introducir el concepto de\u00a0<strong>sostenibilidad<\/strong>\u00a0en\u00a0<strong>casa<\/strong>, incide directamente en la compra de electrodom\u00e9sticos con un mayor grado de eficiencia energ\u00e9tica. Tanto las neveras como los\u00a0<strong>frigor\u00edficos<\/strong>\u00a0son los aparatos dom\u00e9sticos que m\u00e1s consumen al encontrarse permanente\u00a0<strong>enchufados la red el\u00e9ctrica<\/strong>; es conveniente entender los conceptos, anteriormente citados, eficiencia energ\u00e9tica y la etiqueta ecol\u00f3gica europea, pues est\u00e1n fuertemente ligados con su cualidad de ecol\u00f3gicos.<\/p>\n\n\n\n<div class=\"wp-block-image\"><figure class=\"aligncenter size-large is-resized\"><img loading=\"lazy\" src=\"https:\/\/laelectrotiendaverde.es\/blog\/wp-content\/uploads\/2020\/11\/casa-ecologica.jpg\" alt=\"\" class=\"wp-image-241\" width=\"594\" height=\"395\" srcset=\"https:\/\/laelectrotiendaverde.es\/blog\/wp-content\/uploads\/2020\/11\/casa-ecologica.jpg 640w, https:\/\/laelectrotiendaverde.es\/blog\/wp-content\/uploads\/2020\/11\/casa-ecologica-300x200.jpg 300w\" sizes=\"(max-width: 594px) 100vw, 594px\" \/><\/figure><\/div>\n\n\n\n<p>La sostenibilidad y el respeto por el<strong>\u00a0medio ambiente<\/strong>\u00a0est\u00e1n llegando a la conciencia de la poblaci\u00f3n y por ello la vida y las rutinas est\u00e1n cambiando, en favor de un mundo mejor y m\u00e1s cuidado.<\/p>\n\n\n\n<h2>Consejos para el buen uso de las neveras y frigor\u00edficos<\/h2>\n\n\n\n<p>Si bien una nevera o un frigor\u00edfico ecol\u00f3gico ayuda a mantener un correcto gasto de energ\u00eda y cuida de la conservaci\u00f3n del fr\u00edo, es necesario, tambi\u00e9n, realizar un correcto uso de estos electrodom\u00e9sticos con el fin de optimizar de forma perfecta el servicio de estos electrodom\u00e9sticos. A continuaci\u00f3n, vamos a enumerar una serie de consejos pr\u00e1cticos y \u00fatiles para el buen uso de estos aparatos:<\/p>\n\n\n\n<p><strong>1<\/strong>. Ubicar el aparato dom\u00e9stico en un lugar ventilado, evitando que la parte trasera este expuesta a focos de calor.<\/p>\n\n\n\n<p><strong>2<\/strong>. Realizar el proceso de&nbsp;<strong>descongelaci\u00f3n<\/strong>&nbsp;una vez al a\u00f1o, se pueden conseguir ahorros de hasta el 30%.<\/p>\n\n\n\n<p><strong>3<\/strong>. Limpiar la parte trasera de forma peri\u00f3dica.<\/p>\n\n\n\n<p><strong>4<\/strong>. Abra y cierre las puertas con rapidez y eficacia para no perder fr\u00edo.<\/p>\n\n\n\n<p><em>Fuente:\u00a0<a href=\"https:\/\/www.ecologiaverde.com\/neveras-y-frigorificos-ecologicos-308.html\">ecolog\u00eda verde<\/a><\/em><\/p>\n","protected":false},"excerpt":{"rendered":"<p>La preocupaci\u00f3n por el\u00a0medio\u00a0ambiente\u00a0se ha convertido en un tema de primera l\u00ednea y esto se hace cada vez m\u00e1s evidente en c\u00f3mo la ecolog\u00eda marca nuevas ideas innovadoras en diferentes productos de uso cotidiano, los\u00a0electrodom\u00e9sticos\u00a0son uno de los elementos comunes en los hogares, cuyo uso puede hacer desaprovechar la energ\u00eda y ayudar a empeorar el&hellip;&nbsp;<a href=\"https:\/\/laelectrotiendaverde.es\/blog\/como-sabemos-si-nuestros-electrodomesticos-son-ecologicos\/\" class=\"\" rel=\"bookmark\">Leer m\u00e1s &raquo;<span class=\"screen-reader-text\">\u00bfC\u00f3mo sabemos si nuestros electrodom\u00e9sticos son ecol\u00f3gicos?<\/span><\/a><\/p>\n","protected":false},"author":1,"featured_media":243,"comment_status":"closed","ping_status":"closed","sticky":false,"template":"","format":"standard","meta":{"neve_meta_sidebar":"","neve_meta_container":"","neve_meta_enable_content_width":"","neve_meta_content_width":0,"neve_meta_title_alignment":"","neve_meta_author_avatar":"","neve_post_elements_order":"","neve_meta_disable_header":"","neve_meta_disable_footer":"","neve_meta_disable_title":""},"categories":[1],"tags":[4,3,7,8],"_links":{"self":[{"href":"https:\/\/laelectrotiendaverde.es\/blog\/wp-json\/wp\/v2\/posts\/240"}],"collection":[{"href":"https:\/\/laelectrotiendaverde.es\/blog\/wp-json\/wp\/v2\/posts"}],"about":[{"href":"https:\/\/laelectrotiendaverde.es\/blog\/wp-json\/wp\/v2\/types\/post"}],"author":[{"embeddable":true,"href":"https:\/\/laelectrotiendaverde.es\/blog\/wp-json\/wp\/v2\/users\/1"}],"replies":[{"embeddable":true,"href":"https:\/\/laelectrotiendaverde.es\/blog\/wp-json\/wp\/v2\/comments?post=240"}],"version-history":[{"count":1,"href":"https:\/\/laelectrotiendaverde.es\/blog\/wp-json\/wp\/v2\/posts\/240\/revisions"}],"predecessor-version":[{"id":244,"href":"https:\/\/laelectrotiendaverde.es\/blog\/wp-json\/wp\/v2\/posts\/240\/revisions\/244"}],"wp:featuredmedia":[{"embeddable":true,"href":"https:\/\/laelectrotiendaverde.es\/blog\/wp-json\/wp\/v2\/media\/243"}],"wp:attachment":[{"href":"https:\/\/laelectrotiendaverde.es\/blog\/wp-json\/wp\/v2\/media?parent=240"}],"wp:term":[{"taxonomy":"category","embeddable":true,"href":"https:\/\/laelectrotiendaverde.es\/blog\/wp-json\/wp\/v2\/categories?post=240"},{"taxonomy":"post_tag","embeddable":true,"href":"https:\/\/laelectrotiendaverde.es\/blog\/wp-json\/wp\/v2\/tags?post=240"}],"curies":[{"name":"wp","href":"https:\/\/api.w.org\/{rel}","templated":true}]}}